{"id":1066,"date":"2010-08-21T17:34:06","date_gmt":"2010-08-21T15:34:06","guid":{"rendered":"http:\/\/www.makarska-online.net\/novosti\/?p=1066"},"modified":"2010-08-21T19:24:10","modified_gmt":"2010-08-21T17:24:10","slug":"jasmin-stavros-proslava-sv-vicenca-u-podgori","status":"publish","type":"post","link":"http:\/\/www.makarska-online.net\/novosti\/jasmin-stavros-proslava-sv-vicenca-u-podgori\/","title":{"rendered":"Jasmin Stavros &#8211; proslava Sv. Vicenca u Podgori"},"content":{"rendered":"<p><a rel=\"attachment wp-att-1067\" href=\"http:\/\/www.makarska-online.net\/novosti\/2010\/08\/jasmin-stavros-proslava-sv-vicenca-u-podgori\/jasmin-stavros\/\"><img loading=\"lazy\" decoding=\"async\" class=\"alignright size-medium wp-image-1067\" src=\"http:\/\/www.makarska-online.net\/novosti\/wp-content\/uploads\/2010\/08\/jasmin-stavros-266x300.jpg\" alt=\"\" width=\"266\" height=\"300\" \/><\/a>22.08. u Podgori na spomeniku \u201eGalebova krila\u201c u znaku proslave Sv. Vicenca nastupit \u0107e svima jako poznat Hrvatski pjeva\u010d Jasmin Stavros. Koncert po\u010dinje u 22:00 sata i ulaz je besplatan. Pozivamo vas sve da do\u0111ete i u\u017eivate u jednom od rijetkih koncerata doma\u0107e glazbe ovog ljeta na rivijeri.<\/p>\n","protected":false},"excerpt":{"rendered":"<a href=\"http:\/\/www.makarska-online.net\/novosti\/jasmin-stavros-proslava-sv-vicenca-u-podgori\/\"><img loading=\"lazy\" decoding=\"async\" width=\"150\" height=\"150\" src=\"http:\/\/www.makarska-online.net\/novosti\/wp-content\/plugins\/thumbnail-for-excerpts\/tfe_no_thumb.png\" class=\"alignleft wp-post-image tfe\" alt=\"\" title=\"\" \/><\/a><p>22.08 u Nedjelju u Podgori na spomeniku \u201eGalebova krila\u201c u znaku proslave Sv. Vicenca nastupit \u0107e svima jako poznat Hrvatski pjeva\u010d Jasmin Stavros<\/p>\n","protected":false},"author":2,"featured_media":0,"comment_status":"open","ping_status":"open","sticky":false,"template":"","format":"standard","meta":{"footnotes":""},"categories":[30,209,26,153],"tags":[273,127,49,272,271],"class_list":["post-1066","post","type-post","status-publish","format-standard","hentry","category-koncerti","category-najave-dogadanja","category-nightlife","category-umjetnost","tag-galebovo-krilo","tag-jasmin-stavros","tag-koncert","tag-kulturno-ljeto","tag-podgora"],"_links":{"self":[{"href":"http:\/\/www.makarska-online.net\/novosti\/wp-json\/wp\/v2\/posts\/1066","targetHints":{"allow":["GET"]}}],"collection":[{"href":"http:\/\/www.makarska-online.net\/novosti\/wp-json\/wp\/v2\/posts"}],"about":[{"href":"http:\/\/www.makarska-online.net\/novosti\/wp-json\/wp\/v2\/types\/post"}],"author":[{"embeddable":true,"href":"http:\/\/www.makarska-online.net\/novosti\/wp-json\/wp\/v2\/users\/2"}],"replies":[{"embeddable":true,"href":"http:\/\/www.makarska-online.net\/novosti\/wp-json\/wp\/v2\/comments?post=1066"}],"version-history":[{"count":0,"href":"http:\/\/www.makarska-online.net\/novosti\/wp-json\/wp\/v2\/posts\/1066\/revisions"}],"wp:attachment":[{"href":"http:\/\/www.makarska-online.net\/novosti\/wp-json\/wp\/v2\/media?parent=1066"}],"wp:term":[{"taxonomy":"category","embeddable":true,"href":"http:\/\/www.makarska-online.net\/novosti\/wp-json\/wp\/v2\/categories?post=1066"},{"taxonomy":"post_tag","embeddable":true,"href":"http:\/\/www.makarska-online.net\/novosti\/wp-json\/wp\/v2\/tags?post=1066"}],"curies":[{"name":"wp","href":"https:\/\/api.w.org\/{rel}","templated":true}]}}