{"id":1271,"date":"2012-03-22T12:35:50","date_gmt":"2012-03-22T11:35:50","guid":{"rendered":"http:\/\/www.makarska-online.net\/novosti\/?p=1271"},"modified":"2012-03-22T18:52:37","modified_gmt":"2012-03-22T17:52:37","slug":"magla_iznad_makarske","status":"publish","type":"post","link":"http:\/\/www.makarska-online.net\/novosti\/magla_iznad_makarske\/","title":{"rendered":"Gusta magla okovala Makarsku"},"content":{"rendered":"<div class=\"mceTemp\">\n<p>U \u010detvrtak 22.03.2012. spustila se gusta magla iznad Makarske, prekrila je cijelu obalu i bajkovito se uvukla na makarsku rivu, u ulice i trgove. Ovaj za Makarsko podru\u010dje prirodni fenomen prekrio je more od obale sve do Bra\u010da i Hvara \u0161to je zadavalo te\u0161ko\u0107e trajektu pri pristanku u luku zbog smanjene vidljivosti. Pretpostavlja se da \u0107e se maglovita jutra ponoviti i sljede\u0107ih dana.<\/p>\n<p>&nbsp;<\/p>\n<p><img loading=\"lazy\" decoding=\"async\" class=\"alignleft\" title=\"Magla u Makarskoj\" src=\"http:\/\/www.makarska-online.net\/novosti\/wp-content\/uploads\/2012\/03\/magla_12.jpg\" alt=\"Magla u Makarskoj\" width=\"540\" height=\"403\" \/><\/p>\n<\/div>\n<div id=\"attachment_1287\" style=\"width: 550px\" class=\"wp-caption alignleft\"><img loading=\"lazy\" decoding=\"async\" aria-describedby=\"caption-attachment-1287\" class=\" wp-image-1287 \" title=\"Magla u Makarskoj\" src=\"http:\/\/www.makarska-online.net\/novosti\/wp-content\/uploads\/2012\/03\/magla_32.jpg\" alt=\"Magla u Makarskoj\" width=\"540\" height=\"403\" srcset=\"http:\/\/www.makarska-online.net\/novosti\/wp-content\/uploads\/2012\/03\/magla_32.jpg 600w, http:\/\/www.makarska-online.net\/novosti\/wp-content\/uploads\/2012\/03\/magla_32-300x224.jpg 300w, http:\/\/www.makarska-online.net\/novosti\/wp-content\/uploads\/2012\/03\/magla_32-500x373.jpg 500w\" sizes=\"auto, (max-width: 540px) 100vw, 540px\" \/><p id=\"caption-attachment-1287\" class=\"wp-caption-text\">Magla u Makarskoj<\/p><\/div>\n<div id=\"attachment_1273\" style=\"width: 550px\" class=\"wp-caption alignleft\"><img loading=\"lazy\" decoding=\"async\" aria-describedby=\"caption-attachment-1273\" class=\" wp-image-1273  \" title=\"Magla u Makarskoj\" src=\"http:\/\/www.makarska-online.net\/novosti\/wp-content\/uploads\/2012\/03\/magla_21.jpg\" alt=\"Magla u Makarskoj\" width=\"540\" height=\"403\" srcset=\"http:\/\/www.makarska-online.net\/novosti\/wp-content\/uploads\/2012\/03\/magla_21.jpg 600w, http:\/\/www.makarska-online.net\/novosti\/wp-content\/uploads\/2012\/03\/magla_21-300x224.jpg 300w, http:\/\/www.makarska-online.net\/novosti\/wp-content\/uploads\/2012\/03\/magla_21-500x373.jpg 500w\" sizes=\"auto, (max-width: 540px) 100vw, 540px\" \/><p id=\"caption-attachment-1273\" class=\"wp-caption-text\">Magla u Makarskoj<\/p><\/div>\n<p>&nbsp;<\/p>\n<p>&nbsp;<\/p>\n<p>&nbsp;<\/p>\n","protected":false},"excerpt":{"rendered":"<a href=\"http:\/\/www.makarska-online.net\/novosti\/magla_iznad_makarske\/\"><img width=\"150\" height=\"150\" src=\"http:\/\/www.makarska-online.net\/novosti\/wp-content\/uploads\/2012\/03\/magla_11-150x150.jpg\" class=\"alignleft tfe wp-post-image\" alt=\"Magla u Makarskoj\" decoding=\"async\" loading=\"lazy\" \/><\/a><p>U \u010detvrtak 22.03.2012. spustila se gusta magla iznad Makarske, prekrila je cijelu obalu i bajkovito se uvukla na makarsku rivu, u ulice i trgove. Ovaj za Makarsko podru\u010dje prirodni fenomen prekrio je more od obale sve do Bra\u010da i Hvara \u0161to je zadavalo te\u0161ko\u0107e trajektu pri pristanku u luku zbog smanjene vidljivosti.<\/p>\n","protected":false},"author":1,"featured_media":1277,"comment_status":"open","ping_status":"open","sticky":false,"template":"","format":"standard","meta":{"footnotes":""},"categories":[312,115],"tags":[315,314,313,427],"class_list":["post-1271","post","type-post","status-publish","format-standard","has-post-thumbnail","hentry","category-priroda","category-vrijeme","tag-fog-in-makarska","tag-gusta-magla","tag-magla","tag-makarska","photosmash-fog-makarska","photosmash-magla-makarska"],"_links":{"self":[{"href":"http:\/\/www.makarska-online.net\/novosti\/wp-json\/wp\/v2\/posts\/1271","targetHints":{"allow":["GET"]}}],"collection":[{"href":"http:\/\/www.makarska-online.net\/novosti\/wp-json\/wp\/v2\/posts"}],"about":[{"href":"http:\/\/www.makarska-online.net\/novosti\/wp-json\/wp\/v2\/types\/post"}],"author":[{"embeddable":true,"href":"http:\/\/www.makarska-online.net\/novosti\/wp-json\/wp\/v2\/users\/1"}],"replies":[{"embeddable":true,"href":"http:\/\/www.makarska-online.net\/novosti\/wp-json\/wp\/v2\/comments?post=1271"}],"version-history":[{"count":0,"href":"http:\/\/www.makarska-online.net\/novosti\/wp-json\/wp\/v2\/posts\/1271\/revisions"}],"wp:featuredmedia":[{"embeddable":true,"href":"http:\/\/www.makarska-online.net\/novosti\/wp-json\/wp\/v2\/media\/1277"}],"wp:attachment":[{"href":"http:\/\/www.makarska-online.net\/novosti\/wp-json\/wp\/v2\/media?parent=1271"}],"wp:term":[{"taxonomy":"category","embeddable":true,"href":"http:\/\/www.makarska-online.net\/novosti\/wp-json\/wp\/v2\/categories?post=1271"},{"taxonomy":"post_tag","embeddable":true,"href":"http:\/\/www.makarska-online.net\/novosti\/wp-json\/wp\/v2\/tags?post=1271"}],"curies":[{"name":"wp","href":"https:\/\/api.w.org\/{rel}","templated":true}]}}