{"id":1597,"date":"2013-12-04T22:04:55","date_gmt":"2013-12-04T21:04:55","guid":{"rendered":"http:\/\/www.makarska-online.net\/novosti\/?p=1597"},"modified":"2013-12-04T22:05:53","modified_gmt":"2013-12-04T21:05:53","slug":"bozicni-grad-makarska-2013","status":"publish","type":"post","link":"http:\/\/www.makarska-online.net\/novosti\/bozicni-grad-makarska-2013\/","title":{"rendered":"Bo\u017ei\u0107ni grad Makarska 2013"},"content":{"rendered":"<p>Bo\u017ei\u0107ni grad Makarska 2013<\/p>\n<div id=\"attachment_1598\" style=\"width: 510px\" class=\"wp-caption alignleft\"><img loading=\"lazy\" decoding=\"async\" aria-describedby=\"caption-attachment-1598\" class=\"size-large wp-image-1598\" alt=\"Bo\u017ei\u0107ni grad Makarska\" src=\"http:\/\/www.makarska-online.net\/novosti\/wp-content\/uploads\/2013\/12\/bozicni_grad1-500x304.jpg\" width=\"500\" height=\"304\" srcset=\"http:\/\/www.makarska-online.net\/novosti\/wp-content\/uploads\/2013\/12\/bozicni_grad1-500x304.jpg 500w, http:\/\/www.makarska-online.net\/novosti\/wp-content\/uploads\/2013\/12\/bozicni_grad1-300x182.jpg 300w, http:\/\/www.makarska-online.net\/novosti\/wp-content\/uploads\/2013\/12\/bozicni_grad1.jpg 800w\" sizes=\"auto, (max-width: 500px) 100vw, 500px\" \/><p id=\"caption-attachment-1598\" class=\"wp-caption-text\">Bo\u017ei\u0107ni grad Makarska 2013<\/p><\/div>\n<p>U nedjelju 01.12.2013. sve\u010dano je otvoren Bo\u017ei\u0107ni grad u Makarskoj na glavnom trgu Andrije Ka\u010di\u0107a Mio\u0161i\u0107a. Miro Dru\u017eiani\u0107 \u2013 zamjenik gradona\u010delnika otvorio je Bo\u017ei\u0107ni grad u ime Grada Makarske\u00a0 i pozdravio Makarane i Makarke u ime gradona\u010delnika Ton\u010da Bili\u0107a. Otvaranje su uveli\u010dali pjeva\u010dica Antonija \u0160ola i mladi glazbenik Ante Selak \u2013 svjetski prvak u harmonici, a zapaljena je i prva adventska svije\u0107a. \u00a0Njihov nastup je samo uvod u niz zabavnih doga\u0111anja koji \u0107e potrajati 30 dana, cijeli Prosinac. Predstavljen je bogat program Bo\u017ei\u0107nog grada, a i najavljeno da \u0107e cijeli u\u017ei centar grada, Ulica Kalalarga, Ka\u010di\u0107ev trg, Trg Li\u0161tun postati velika pozornica gdje \u0107e biti odr\u017eano oko \u010detrdeset kulturno-zabavnih doga\u0111anja.<\/p>\n<p>Ove godine je postavljeno \u010dak dvadeset drvenih ku\u0107ica, a Bo\u017ei\u0107ni grad je prepoznat i van Makarske te je dobio potporu Hrvatske turisti\u010dke zajednice. U program su se uklju\u010dile i susjedne op\u0107ine koje \u0107e prezentirati svoje delicije i obi\u010daje, zatim tu su udruga Mike, makarski ragbija\u0161i, Marendin\u2026<\/p>\n<p>Prostor je prvenstveno zami\u0161ljen kao prostor za okupljanje djece, a ve\u0107ina doga\u0111anja \u0107e biti u poslijepodnevnim satima, a animatori \u0107e se pobrinuti da bude zabavno u svako doba dana uz dje\u010dje radionice, bogatu sajamsku i gastro ponudu. \u00a0Neumorni djed Bo\u017ei\u0107njak i ove godine ispunjavat \u0107e \u017eelje najmla\u0111ima i doprinijeti bo\u017ei\u0107nom ugo\u0111aju.<\/p>\n<p>Tijekom Prosinca najavljen je nastup Luke Ni\u017eeti\u0107a, Jacquesa Houdeka i naravno za do\u010dek Nove godine grupa Crvena jabuka za koje se o\u010dekuje da \u0107e u Makarsku privu\u0107i veliki broj gostiju.<\/p>\n<p>Osim Bo\u017ei\u0107nog grada ove godine neizostavna je i manifestacija Advent u kali \u010diji je cilj najpoznatijoj makarskoj staroj ulici vratiti va\u017enost koju je nekad imala. Najzaslu\u017enije je udruga Kulturni turizam koja je pro\u0161lo ljeto organizirala Ve\u010deri u Kali largi. Manifestacija \u0107e potrajati sve do 24.Prosinca.<\/p>\n<div id=\"attachment_1599\" style=\"width: 510px\" class=\"wp-caption alignleft\"><img loading=\"lazy\" decoding=\"async\" aria-describedby=\"caption-attachment-1599\" class=\"size-large wp-image-1599\" alt=\"advent u kali\" src=\"http:\/\/www.makarska-online.net\/novosti\/wp-content\/uploads\/2013\/12\/advent-500x333.jpg\" width=\"500\" height=\"333\" srcset=\"http:\/\/www.makarska-online.net\/novosti\/wp-content\/uploads\/2013\/12\/advent-500x333.jpg 500w, http:\/\/www.makarska-online.net\/novosti\/wp-content\/uploads\/2013\/12\/advent-300x199.jpg 300w, http:\/\/www.makarska-online.net\/novosti\/wp-content\/uploads\/2013\/12\/advent.jpg 800w\" sizes=\"auto, (max-width: 500px) 100vw, 500px\" \/><p id=\"caption-attachment-1599\" class=\"wp-caption-text\">Kalalarga u Bo\u017ei\u0107nom ruhu<\/p><\/div>\n","protected":false},"excerpt":{"rendered":"<a href=\"http:\/\/www.makarska-online.net\/novosti\/bozicni-grad-makarska-2013\/\"><img width=\"150\" height=\"150\" src=\"http:\/\/www.makarska-online.net\/novosti\/wp-content\/uploads\/2013\/12\/bozicni_grad1-150x150.jpg\" class=\"alignleft tfe wp-post-image\" alt=\"Bo\u017ei\u0107ni grad Makarska\" decoding=\"async\" loading=\"lazy\" \/><\/a><p>U nedjelju 01.12.2013. sve\u010dano je otvoren Bo\u017ei\u0107ni grad u Makarskoj na glavnom trgu Andrije Ka\u010di\u0107a Mio\u0161i\u0107a. Miro Dru\u017eiani\u0107 \u2013 zamjenik gradona\u010delnika otvorio je Bo\u017ei\u0107ni grad u ime Grada Makarske  i pozdravio Makarane i Makarke u ime gradona\u010delnika Ton\u010da Bili\u0107a. Otvaranje su uveli\u010dali pjeva\u010dica Antonija \u0160ola i mladi glazbenik Ante Selak \u2013 svjetski prvak u harmonici, a zapaljena je i prva adventska svije\u0107a.  Njihov nastup je samo uvod u niz zabavnih doga\u0111anja koji \u0107e potrajati 30 dana, cijeli Prosinac. <\/p>\n","protected":false},"author":1,"featured_media":1598,"comment_status":"open","ping_status":"open","sticky":false,"template":"","format":"standard","meta":{"footnotes":""},"categories":[209,151],"tags":[400,398,397,399],"class_list":["post-1597","post","type-post","status-publish","format-standard","has-post-thumbnail","hentry","category-najave-dogadanja","category-zanimljivosti","tag-400","tag-advent-u-kalalargi","tag-bozicni-grad-makarska","tag-kacicev-trg-makarska","photosmash-advent-u-kali","photosmash-bozicni-grad-makarska-2"],"_links":{"self":[{"href":"http:\/\/www.makarska-online.net\/novosti\/wp-json\/wp\/v2\/posts\/1597","targetHints":{"allow":["GET"]}}],"collection":[{"href":"http:\/\/www.makarska-online.net\/novosti\/wp-json\/wp\/v2\/posts"}],"about":[{"href":"http:\/\/www.makarska-online.net\/novosti\/wp-json\/wp\/v2\/types\/post"}],"author":[{"embeddable":true,"href":"http:\/\/www.makarska-online.net\/novosti\/wp-json\/wp\/v2\/users\/1"}],"replies":[{"embeddable":true,"href":"http:\/\/www.makarska-online.net\/novosti\/wp-json\/wp\/v2\/comments?post=1597"}],"version-history":[{"count":0,"href":"http:\/\/www.makarska-online.net\/novosti\/wp-json\/wp\/v2\/posts\/1597\/revisions"}],"wp:featuredmedia":[{"embeddable":true,"href":"http:\/\/www.makarska-online.net\/novosti\/wp-json\/wp\/v2\/media\/1598"}],"wp:attachment":[{"href":"http:\/\/www.makarska-online.net\/novosti\/wp-json\/wp\/v2\/media?parent=1597"}],"wp:term":[{"taxonomy":"category","embeddable":true,"href":"http:\/\/www.makarska-online.net\/novosti\/wp-json\/wp\/v2\/categories?post=1597"},{"taxonomy":"post_tag","embeddable":true,"href":"http:\/\/www.makarska-online.net\/novosti\/wp-json\/wp\/v2\/tags?post=1597"}],"curies":[{"name":"wp","href":"https:\/\/api.w.org\/{rel}","templated":true}]}}