{"id":1635,"date":"2014-04-16T20:39:19","date_gmt":"2014-04-16T18:39:19","guid":{"rendered":"http:\/\/www.makarska-online.net\/novosti\/?p=1635"},"modified":"2014-04-16T20:43:34","modified_gmt":"2014-04-16T18:43:34","slug":"omis-guitar-fest-2014","status":"publish","type":"post","link":"http:\/\/www.makarska-online.net\/novosti\/omis-guitar-fest-2014\/","title":{"rendered":"Omi\u0161 guitar fest 2014"},"content":{"rendered":"<div id=\"attachment_1636\" style=\"width: 510px\" class=\"wp-caption alignleft\"><img loading=\"lazy\" decoding=\"async\" aria-describedby=\"caption-attachment-1636\" class=\"size-large wp-image-1636\" alt=\"omis_guitar_fest\" src=\"http:\/\/www.makarska-online.net\/novosti\/wp-content\/uploads\/2014\/04\/omis_guitar_fest-500x333.jpg\" width=\"500\" height=\"333\" srcset=\"http:\/\/www.makarska-online.net\/novosti\/wp-content\/uploads\/2014\/04\/omis_guitar_fest-500x333.jpg 500w, http:\/\/www.makarska-online.net\/novosti\/wp-content\/uploads\/2014\/04\/omis_guitar_fest-300x200.jpg 300w, http:\/\/www.makarska-online.net\/novosti\/wp-content\/uploads\/2014\/04\/omis_guitar_fest-900x600.jpg 900w, http:\/\/www.makarska-online.net\/novosti\/wp-content\/uploads\/2014\/04\/omis_guitar_fest.jpg 960w\" sizes=\"auto, (max-width: 500px) 100vw, 500px\" \/><p id=\"caption-attachment-1636\" class=\"wp-caption-text\">omis_guitar_fest<\/p><\/div>\n<p>U gradu Omi\u0161u u periodu od 24. &#8211; 26. travnja pod pokroviteljstvom Predsjednika RH Ive Josipovi\u0107a i grada Omi\u0161a te uz potporu Ministarstva kulture i \u017eupanije SD odr\u017eava se 5. po redu me\u0111unarodni festival gitare &#8211; Omi\u0161 guitar fest 2014 u organizaciji udruge Male \u017eice.<\/p>\n<p>Prijave preko 140 natjecatelja stigle su iz cijelog svijeta od Japana do Guatemale. Sve\u010dano otvaranje festivala 24.04. \u0107e obilje\u017eiti zajedni\u010dka proslava 5. godina Omi\u0161 guitar fest-a te 50. godine srednje \u0161kole Jure Ka\u0161telan iz Omi\u0161a. Organizatori pripremaju cjelodnevni program iz kojeg bi htjeli izdvojiti organizaciju \u00a0\u201eflash mob-a\u201c (zajedni\u010dkog plesa) u \u00a0u jutarnjim satima na trgu kralja Tomislava te sve\u010danog otvaranja Omi\u0161 guitar festa s po\u010detkom u 20 sati\u00a0 na kojem \u0107e nastupiti poznati glumac Vedran Mlikota\u00a0 uz gitarsku pratnju Hrvoja Tona te glumci gradskog Teatra Mali Princ uz pratnju Franke Kova\u010devi\u0107 na \u201eVe\u010deri ljubavne poezije uz gitaru\u201c\u00a0\u00a0 a poslije Muris Varaji\u0107 , sjajni elektri\u010dni gitarist iz BiH.\u00a0\u00a0 Uz nastupe najcjenjenijih gitaristi\u010dkih imena, ove godine imamo slu\u017ebenu potvrdu dolaska dvojice pobjednika najve\u0107eg svjetskog GFA natjecanja iz SAD-a Petrita Cekua i Gorana Krivokapi\u0107a te mlade talijanske gitaristi\u010dke zvijezde Gian Marco Ciamp-e. Sve\u010dano zatvaranje festivala obilje\u017eit \u0107e zvuk buzukija Georgios Gedorgopoulos tria iz Gr\u010dke 26.04. u 20 sati u dvorani hotela Pla\u017ea u Omi\u0161u.<\/p>\n<p>Za sve goste festivala pripremljen je cjelodnevni\/no\u0107ni program gdje \u0107e svi ljubitelji gitare imati priliku prona\u0107i ne\u0161to za sebe. Grad Omi\u0161 \u0107e u periodu od 24.-26.04. i simboli\u010dki postati gitaristi\u010dki centar ovog dijela svijeta.<\/p>\n<p style=\"text-align: justify;\" align=\"center\"><b>24.4. \u2013 \u010cetvrtak 20:00<\/b><br \/>\n<i>Hotel Pla\u017ea, kongresna dvorana<\/i><br \/>\n<b>Sve\u010dano otvaranje Omi\u0161 guitar festa<br \/>\nVe\u010der poezije uz gitaru<\/b><br \/>\nNastupaju:<br \/>\nVedran Mlikota uz gitarsku pratnju Hrvoja Tona;<br \/>\nGlumci gradskog teatra Mali Princ uz gitarsku pratnju Franke Kova\u010devi\u0107;<br \/>\nPosebni gosti: Muris Varaji\u0107, Ante Pupa\u010di\u0107 Pupi<br \/>\n<i> 22:30: Muris Varaji\u0107 \u2013 elektri\u010dna gitara<br \/>\nGusarska konoba, hotel Pla\u017ea<\/i><b><br \/>\n<\/b><\/p>\n<p style=\"text-align: justify;\" align=\"center\"><b>25.4. \u2013 Petak 20:00<\/b><br \/>\n<i>Hotel Pla\u017ea, kongresna dvorana<\/i><b><br \/>\nGala ve\u010der klasi\u010dne gitare<\/b><br \/>\nNastupaju:<br \/>\nGian Marco Ciampa, Goran Krivokapi\u0107, Petrit Ceku<br \/>\n<i>22:00: Blues night \u2013 In roots \u2013 Split i Sanjin Bani\u0107 Bane &#8211; Pula<br \/>\nGusarska konoba, hotel Pla\u017ea<\/i><b><br \/>\n<\/b><\/p>\n<p style=\"text-align: justify;\" align=\"center\"><b>26.4. \u2013 Subota 20:00<\/b><br \/>\n<i>Hotel Pla\u017ea, kongresna dvorana<\/i><b><br \/>\nSve\u010dano zatvaranje Omi\u0161 guitar festa<br \/>\nVe\u010der sirtakija<\/b><br \/>\nNastupa:<br \/>\nGiorgos Georgopoulos trio<i><br \/>\n22:00: Andres &amp; Los Andinos (\u010cile) &#8211; glazba Anda<br \/>\nGusarska konoba, hotel Pla\u017ea<\/i><\/p>\n<p style=\"text-align: justify;\" align=\"center\">Internet stranica: <a href=\"http:\/\/www.omisguitarfest.com\">www.omisguitarfest.com<\/a>\u00a0; E.mail: <a href=\"mailto:omisguitarfest@gmail.com\">omisguitarfest@gmail.com<\/a>; Tel: 095 910 83 76<\/p>\n<p style=\"text-align: justify;\" align=\"center\">\u00a0<i>I ne zaboravite Gitara je \u017eivot&#8230; a \u017eivot je na Omi\u0161 guitar fest-u!<\/i><\/p>\n<p>&nbsp;<\/p>\n","protected":false},"excerpt":{"rendered":"<a href=\"http:\/\/www.makarska-online.net\/novosti\/omis-guitar-fest-2014\/\"><img width=\"150\" height=\"150\" src=\"http:\/\/www.makarska-online.net\/novosti\/wp-content\/uploads\/2014\/04\/omis_guitar_fest-150x150.jpg\" class=\"alignleft tfe wp-post-image\" alt=\"omis_guitar_fest\" decoding=\"async\" loading=\"lazy\" srcset=\"http:\/\/www.makarska-online.net\/novosti\/wp-content\/uploads\/2014\/04\/omis_guitar_fest-150x150.jpg 150w, http:\/\/www.makarska-online.net\/novosti\/wp-content\/uploads\/2014\/04\/omis_guitar_fest-144x144.jpg 144w\" sizes=\"auto, (max-width: 150px) 100vw, 150px\" \/><\/a><p>U gradu Omi\u0161u u periodu od 24. &#8211; 26. travnja pod pokroviteljstvom Predsjednika RH Ive Josipovi\u0107a i grada Omi\u0161a te uz potporu Ministarstva kulture i \u017eupanije SD odr\u017eava se 5. po redu me\u0111unarodni festival gitare &#8211; Omi\u0161 guitar fest 2014 u organizaciji udruge Male \u017eice. <\/p>\n","protected":false},"author":1,"featured_media":1636,"comment_status":"open","ping_status":"open","sticky":false,"template":"","format":"standard","meta":{"footnotes":""},"categories":[30,363,209,153],"tags":[415,414,76],"class_list":["post-1635","post","type-post","status-publish","format-standard","has-post-thumbnail","hentry","category-koncerti","category-kultura","category-najave-dogadanja","category-umjetnost","tag-415","tag-guitar-fest","tag-omis","photosmash-omis-guitar-fest"],"_links":{"self":[{"href":"http:\/\/www.makarska-online.net\/novosti\/wp-json\/wp\/v2\/posts\/1635","targetHints":{"allow":["GET"]}}],"collection":[{"href":"http:\/\/www.makarska-online.net\/novosti\/wp-json\/wp\/v2\/posts"}],"about":[{"href":"http:\/\/www.makarska-online.net\/novosti\/wp-json\/wp\/v2\/types\/post"}],"author":[{"embeddable":true,"href":"http:\/\/www.makarska-online.net\/novosti\/wp-json\/wp\/v2\/users\/1"}],"replies":[{"embeddable":true,"href":"http:\/\/www.makarska-online.net\/novosti\/wp-json\/wp\/v2\/comments?post=1635"}],"version-history":[{"count":0,"href":"http:\/\/www.makarska-online.net\/novosti\/wp-json\/wp\/v2\/posts\/1635\/revisions"}],"wp:featuredmedia":[{"embeddable":true,"href":"http:\/\/www.makarska-online.net\/novosti\/wp-json\/wp\/v2\/media\/1636"}],"wp:attachment":[{"href":"http:\/\/www.makarska-online.net\/novosti\/wp-json\/wp\/v2\/media?parent=1635"}],"wp:term":[{"taxonomy":"category","embeddable":true,"href":"http:\/\/www.makarska-online.net\/novosti\/wp-json\/wp\/v2\/categories?post=1635"},{"taxonomy":"post_tag","embeddable":true,"href":"http:\/\/www.makarska-online.net\/novosti\/wp-json\/wp\/v2\/tags?post=1635"}],"curies":[{"name":"wp","href":"https:\/\/api.w.org\/{rel}","templated":true}]}}