{"id":379,"date":"2009-08-13T01:24:36","date_gmt":"2009-08-12T23:24:36","guid":{"rendered":"http:\/\/www.makarska-online.net\/novosti\/?p=379"},"modified":"2009-08-13T01:24:36","modified_gmt":"2009-08-12T23:24:36","slug":"i-dalje-nas-ceka-vruce-ljeto","status":"publish","type":"post","link":"http:\/\/www.makarska-online.net\/novosti\/i-dalje-nas-ceka-vruce-ljeto\/","title":{"rendered":"I dalje nas \u010deka vru\u0107e ljeto"},"content":{"rendered":"<p><img loading=\"lazy\" decoding=\"async\" class=\"alignleft size-full wp-image-380\" title=\"DSC06039\" src=\"http:\/\/www.makarska-online.net\/novosti\/wp-content\/uploads\/2009\/08\/DSC06039.jpg\" alt=\"DSC06039\" width=\"400\" height=\"229\" srcset=\"http:\/\/www.makarska-online.net\/novosti\/wp-content\/uploads\/2009\/08\/DSC06039.jpg 400w, http:\/\/www.makarska-online.net\/novosti\/wp-content\/uploads\/2009\/08\/DSC06039-300x171.jpg 300w\" sizes=\"auto, (max-width: 400px) 100vw, 400px\" \/>Kao \u0161to su i dosad ovog ljeta temperature bile vrlo visoke, iznad 30 stupnjeva celzijevih, \u017eiva se u termometru ne\u0107e spu\u0161tati ni u sljede\u0107im tjednima. Vru\u0107e ljeto se nastavlja \u0161to pogoduje u\u017eivanju u sun\u010danju i izle\u017eavanju na pla\u017eama. Bilo da ve\u0107inu vremena povodite sun\u010daju\u0107i se ili plivaju\u0107i u moru, vrijeme \u0107e vam na Makarskoj Rivijeri biti naklonjeno .<br \/>\n<span id=\"linknar\"> <\/span><\/p>\n<p><span id=\"linknar\">U drugoj polovini Kolovoza u ve\u0107em dijelu zemlje \u0107e biti sun\u010dano i vru\u0107e.\u00a0 Vjetar na kopnu slab, samo u sredi\u0161njim podru\u010djima sredinom dana prolazno poja\u010dan.\u00a0 Najni\u017ea jutarnja temperatura zraka u unutra\u0161njosti od 11 do 16, na Jadranu od 19 do 24, a najvi\u0161a dnevna posvuda od 28 do 33\u00b0C.<\/span><\/p>\n<p>Ko\u017ea i o\u010di su najvi\u0161e izlo\u017eeni Sun\u010devom ultraljubi\u010dastom zra\u010denju, a ta izlo\u017eenost  mo\u017ee imati akutne i kroni\u010dne u\u010dinke na zdravlje (eritem, rak ko\u017ee, fotokeratitis, katarakt).  Zbog toga je potrebno poduzeti odgovaraju\u0107e za\u0161titne mjere.<\/p>\n<p><img loading=\"lazy\" decoding=\"async\" class=\"size-full wp-image-382 alignright\" title=\"DSC06343\" src=\"http:\/\/www.makarska-online.net\/novosti\/wp-content\/uploads\/2009\/08\/DSC06343.jpg\" alt=\"DSC06343\" width=\"400\" height=\"229\" srcset=\"http:\/\/www.makarska-online.net\/novosti\/wp-content\/uploads\/2009\/08\/DSC06343.jpg 400w, http:\/\/www.makarska-online.net\/novosti\/wp-content\/uploads\/2009\/08\/DSC06343-300x171.jpg 300w\" sizes=\"auto, (max-width: 400px) 100vw, 400px\" \/><\/p>\n<p><strong><em>Za\u0161tita ko\u017ee<\/em><\/strong><\/p>\n<p>Ko\u017ea se najbolje \u0161titi odje\u0107om. \u0160e\u0161ir, ko\u0161ulja i hla\u010de pru\u017eaju najbolju za\u0161titu.  Dijelove ko\u017ee koji nisu za\u0161ti\u0107eni odje\u0107om, kao \u0161to su nos, u\u0161i, vrat, le\u0111a i gornji  dio stopala, treba za\u0161tititi  za\u0161titnom kremom koja sadr\u017ei UV-B i UV-A filtre.  Tokom prvog izlaganja suncu preporu\u010da se za\u0161titna krema s visokim za\u0161titnim faktorom  (Sun Protection Factor &#8211; SPF), oko 30. Za\u0161titni faktor (SPF) nazna\u010den na pakovanju za\u0161titne  kreme ozna\u010dava koliko je proizvod djelotvoran. Vi\u0161e vrijednosti SPF-a &#8211; bolja djelotvornost za\u0161titne kreme.<img loading=\"lazy\" decoding=\"async\" class=\"alignleft size-full wp-image-381\" title=\"DSC06340\" src=\"http:\/\/www.makarska-online.net\/novosti\/wp-content\/uploads\/2009\/08\/DSC06340.jpg\" alt=\"DSC06340\" width=\"400\" height=\"229\" srcset=\"http:\/\/www.makarska-online.net\/novosti\/wp-content\/uploads\/2009\/08\/DSC06340.jpg 400w, http:\/\/www.makarska-online.net\/novosti\/wp-content\/uploads\/2009\/08\/DSC06340-300x171.jpg 300w\" sizes=\"auto, (max-width: 400px) 100vw, 400px\" \/><br \/>\nVrijeme idealno za odlazak na Jadransku obalu za u\u017eivanje u ljetnim radostima, stabilno i toplo vrijeme bi se moglo produ\u017eiti i u Rujnu, a to zna\u010di toplo vrijeme bez padalina, u turisti\u010dkim ljetovali\u0161tima nema vi\u0161e gu\u017evi, stoga, ako ve\u0107 niste, uputite se prema Makarskoj i u\u017eivajte .<\/p>\n<p>Upozorenje da je vjerovatnost od po\u017eara i dalje visoka, ne palite bespotrebno i bez nadzora vatru na neza\u0161ti\u0107enom podru\u010dju i ne bacajte opu\u0161ke!<\/p>\n","protected":false},"excerpt":{"rendered":"<a href=\"http:\/\/www.makarska-online.net\/novosti\/i-dalje-nas-ceka-vruce-ljeto\/\"><img loading=\"lazy\" decoding=\"async\" width=\"150\" height=\"150\" src=\"http:\/\/www.makarska-online.net\/novosti\/wp-content\/plugins\/thumbnail-for-excerpts\/tfe_no_thumb.png\" class=\"alignleft wp-post-image tfe\" alt=\"\" title=\"\" \/><\/a><p>Kao \u0161to su i dosad ovog ljeta temperature bile vrlo visoke, iznad 30 stupnjeva celzijevih, \u017eiva se u termometru ne\u0107e spu\u0161tati ni u sljede\u0107im tjednima. Vru\u0107e ljeto se nastavlja \u0161to pogoduje u\u017eivanju u sun\u010danju i izle\u017eavanju na pla\u017eama. Bilo da ve\u0107inu vremena povodite sun\u010daju\u0107i se ili plivaju\u0107i u moru, vrijeme \u0107e vam na Makarskoj Rivijeri biti naklonjeno .<\/p>\n","protected":false},"author":1,"featured_media":0,"comment_status":"open","ping_status":"open","sticky":false,"template":"","format":"standard","meta":{"footnotes":""},"categories":[90,115],"tags":[116,120,119,118,117],"class_list":["post-379","post","type-post","status-publish","format-standard","hentry","category-plaze","category-vrijeme","tag-ljeto","tag-plivanje","tag-suncanje","tag-vremenska-prognoza","tag-vruce"],"_links":{"self":[{"href":"http:\/\/www.makarska-online.net\/novosti\/wp-json\/wp\/v2\/posts\/379","targetHints":{"allow":["GET"]}}],"collection":[{"href":"http:\/\/www.makarska-online.net\/novosti\/wp-json\/wp\/v2\/posts"}],"about":[{"href":"http:\/\/www.makarska-online.net\/novosti\/wp-json\/wp\/v2\/types\/post"}],"author":[{"embeddable":true,"href":"http:\/\/www.makarska-online.net\/novosti\/wp-json\/wp\/v2\/users\/1"}],"replies":[{"embeddable":true,"href":"http:\/\/www.makarska-online.net\/novosti\/wp-json\/wp\/v2\/comments?post=379"}],"version-history":[{"count":0,"href":"http:\/\/www.makarska-online.net\/novosti\/wp-json\/wp\/v2\/posts\/379\/revisions"}],"wp:attachment":[{"href":"http:\/\/www.makarska-online.net\/novosti\/wp-json\/wp\/v2\/media?parent=379"}],"wp:term":[{"taxonomy":"category","embeddable":true,"href":"http:\/\/www.makarska-online.net\/novosti\/wp-json\/wp\/v2\/categories?post=379"},{"taxonomy":"post_tag","embeddable":true,"href":"http:\/\/www.makarska-online.net\/novosti\/wp-json\/wp\/v2\/tags?post=379"}],"curies":[{"name":"wp","href":"https:\/\/api.w.org\/{rel}","templated":true}]}}