{"id":526,"date":"2009-12-21T21:18:56","date_gmt":"2009-12-21T20:18:56","guid":{"rendered":"http:\/\/www.makarska-online.net\/novosti\/?p=526"},"modified":"2009-12-23T00:37:14","modified_gmt":"2009-12-22T23:37:14","slug":"biokovo_snijeg_12_2009","status":"publish","type":"post","link":"http:\/\/www.makarska-online.net\/novosti\/biokovo_snijeg_12_2009\/","title":{"rendered":"Biokovo pod snijegom"},"content":{"rendered":"<p>Val hladno\u0107e zahvatio je Makarsku Rivijeru proteklih dana pa je i Biokovo zabijelilo. Snijeg je okovao planinske vrhove, a temperature su pale ispod nule. Palo je oko 40 cm snijega, a najni\u017ea temperatura je izmjerena na najvi\u0161em vrhu Sv. Juri. Za vikend su mnogi Makarani posjetili snje\u017ene padine zbog u\u017eivanja u zimskim radostima. Automobilom sa zimskim gumama se moglo do\u0107i malo iznad restorana Vrata Biokova dok su za daljnji put prema vrhu potrebni lanci na pogonskim kota\u010dima jer je cesta pod uga\u017eenim snijegom. Zimska slu\u017eba ralicom \u010disti put prema vrhu koji bi uskoro trebao biti potpuno prohodan. Sljede\u0107ih dana nas o\u010dekuje jugo i ki\u0161ovito vrijeme, dok \u0107e temperatura zraka rasti.<\/p>\n<p>Foto Brane<\/p>\n<p>[poll id=&#8221;9&#8243;]<\/p>\n<div style=\"width: 658px\" class=\"wp-caption alignleft\"><img loading=\"lazy\" decoding=\"async\" class=\"  \" title=\"Biokovo_prosinac_2009\" src=\"http:\/\/lh5.ggpht.com\/_HHpKRh9o_kI\/Sy_VoHfZ_gI\/AAAAAAAAAfU\/0ALBmwxQdZc\/s800\/biokovo_1.jpg\" alt=\"Biokovo pod snigom, prosinac 2009\" width=\"648\" height=\"364\" \/><p class=\"wp-caption-text\">Biokovo pod snigom, prosinac 2009<\/p><\/div>\n<div style=\"width: 658px\" class=\"wp-caption alignleft\"><img loading=\"lazy\" decoding=\"async\" class=\"  \" title=\"Biokovo pod snijegom, prosinac 2009\" src=\"http:\/\/lh6.ggpht.com\/_HHpKRh9o_kI\/Sy_YStvMcKI\/AAAAAAAAAf4\/lh-m_Vwx0CQ\/s800\/IMG_9910.JPG\" alt=\"Biokovo pod snijegom, prosinac 2009\" width=\"648\" height=\"365\" \/><p class=\"wp-caption-text\">Biokovo pod snijegom, prosinac 2009<\/p><\/div>\n","protected":false},"excerpt":{"rendered":"<a href=\"http:\/\/www.makarska-online.net\/novosti\/biokovo_snijeg_12_2009\/\"><img loading=\"lazy\" decoding=\"async\" width=\"150\" height=\"150\" src=\"http:\/\/www.makarska-online.net\/novosti\/wp-content\/plugins\/thumbnail-for-excerpts\/tfe_no_thumb.png\" class=\"alignleft wp-post-image tfe\" alt=\"\" title=\"\" \/><\/a><p>Val hladno\u0107e zahvatio je Makarsku Rivijeru proteklih dana pa je i Biokovo zabijelilo. Snijeg je okovao planinske vrhove, a temperature su pale ispod nule. Palo je oko 40 cm snijega, a najni\u017ea temperatura je izmjerena na najvi\u0161em vrhu Sv. Juri.<\/p>\n","protected":false},"author":1,"featured_media":0,"comment_status":"open","ping_status":"open","sticky":false,"template":"","format":"standard","meta":{"footnotes":""},"categories":[95,115,151],"tags":[10,176,175,177],"class_list":["post-526","post","type-post","status-publish","format-standard","hentry","category-izleti","category-vrijeme","category-zanimljivosti","tag-biokovo","tag-snig","tag-snijeg","tag-snijeg-na-biokovu"],"_links":{"self":[{"href":"http:\/\/www.makarska-online.net\/novosti\/wp-json\/wp\/v2\/posts\/526","targetHints":{"allow":["GET"]}}],"collection":[{"href":"http:\/\/www.makarska-online.net\/novosti\/wp-json\/wp\/v2\/posts"}],"about":[{"href":"http:\/\/www.makarska-online.net\/novosti\/wp-json\/wp\/v2\/types\/post"}],"author":[{"embeddable":true,"href":"http:\/\/www.makarska-online.net\/novosti\/wp-json\/wp\/v2\/users\/1"}],"replies":[{"embeddable":true,"href":"http:\/\/www.makarska-online.net\/novosti\/wp-json\/wp\/v2\/comments?post=526"}],"version-history":[{"count":0,"href":"http:\/\/www.makarska-online.net\/novosti\/wp-json\/wp\/v2\/posts\/526\/revisions"}],"wp:attachment":[{"href":"http:\/\/www.makarska-online.net\/novosti\/wp-json\/wp\/v2\/media?parent=526"}],"wp:term":[{"taxonomy":"category","embeddable":true,"href":"http:\/\/www.makarska-online.net\/novosti\/wp-json\/wp\/v2\/categories?post=526"},{"taxonomy":"post_tag","embeddable":true,"href":"http:\/\/www.makarska-online.net\/novosti\/wp-json\/wp\/v2\/tags?post=526"}],"curies":[{"name":"wp","href":"https:\/\/api.w.org\/{rel}","templated":true}]}}