{"id":625,"date":"2010-02-20T08:53:29","date_gmt":"2010-02-20T07:53:29","guid":{"rendered":"http:\/\/www.makarska-online.net\/novosti\/?p=625"},"modified":"2010-04-26T15:38:59","modified_gmt":"2010-04-26T13:38:59","slug":"restoranu-susvid-nagrada-u-spanjolskoj","status":"publish","type":"post","link":"http:\/\/www.makarska-online.net\/novosti\/restoranu-susvid-nagrada-u-spanjolskoj\/","title":{"rendered":"Restoranu Susvid nagrada u \u0160panjolskoj"},"content":{"rendered":"<div style=\"width: 460px\" class=\"wp-caption alignleft\"><img loading=\"lazy\" decoding=\"async\" class=\" \" title=\"Susvid restoran\" src=\"http:\/\/www.makarska-online.net\/susvid\/photo\/photo-655.jpg\" alt=\"Susvid restoran\" width=\"450\" height=\"338\" \/><p class=\"wp-caption-text\">Susvid restoran<\/p><\/div>\n<p>Susvid &#8211; \u00a0Makarski restoran vlasnika Zdenka Vuj\u010di\u0107a nedavno je osvojio presti\u017enu me\u0111unarodnu nagradu koju ve\u0107 33 godine dodjeljuje \u0161panjolski \u00abThe Trade Leaders Club\u00bb. Restoran koji slavi 35 godina rada izabran je izme\u0111u 1000 hotela, restorana i drugih ugostiteljskih objekata u svijetu. Svojom kvalitetom Susvid je zaslu\u017eio certifikat i statuu bika izra\u0111enu prema zamisli Pabla Picassa. Zanimljivo je da je upravo Picassov bik odavno logo tog makarskog restorana i nalazi se na svim njegovim jelovnicima.<\/p>\n<p>Taj su restoran, kao i ostale kandidate, za presti\u017enu nagradu predlo\u017eili gosti restorana i novinari.<\/p>\n<p>Na jelovniku Susvida prevladavaju primorski specijaliteti i doma\u0107i recepti, a specijalitet su steakovi, od kojih se izdvaja onaj od morskog psa, a jedno od omiljenih jela gostiju je i pa\u0161ticada od tune.<\/p>\n<p>Me\u0111unarodnu nagradu za turizam, hotele i catering \u00abThe Trade Leaders Club\u00bb dodjeljuje udruga biznismena koja u 120 zemalja broji vi\u0161e od 7000 \u010dlanova.<\/p>\n<p><a title=\"Restorani susvid i pe\u0161kera\" href=\"http:\/\/www.makarska-online.net\/restaurants\/index.htm\" target=\"_blank\">Susvid<\/a><\/p>\n","protected":false},"excerpt":{"rendered":"<a href=\"http:\/\/www.makarska-online.net\/novosti\/restoranu-susvid-nagrada-u-spanjolskoj\/\"><img loading=\"lazy\" decoding=\"async\" width=\"150\" height=\"150\" src=\"http:\/\/www.makarska-online.net\/novosti\/wp-content\/plugins\/thumbnail-for-excerpts\/tfe_no_thumb.png\" class=\"alignleft wp-post-image tfe\" alt=\"\" title=\"\" \/><\/a><p>\u201eSusvid\u201c &#8211;  Makarski restoran vlasnika Zdenka Vuj\u010di\u0107a nedavno je osvojio presti\u017enu me\u0111unarodnu nagradu koju ve\u0107 33 godine dodjeljuje \u0161panjolski \u00abThe Trade Leaders Club\u00bb. Restoran koji slavi 35 godina rada izabran je izme\u0111u 1000 hotela, restorana i drugih ugostiteljskih objekata u svijetu. <\/p>\n","protected":false},"author":1,"featured_media":0,"comment_status":"open","ping_status":"open","sticky":false,"template":"","format":"standard","meta":{"footnotes":""},"categories":[151],"tags":[201,200,202],"class_list":["post-625","post","type-post","status-publish","format-standard","hentry","category-zanimljivosti","tag-nagrada","tag-susvid","tag-the-trade-leaders-club"],"_links":{"self":[{"href":"http:\/\/www.makarska-online.net\/novosti\/wp-json\/wp\/v2\/posts\/625","targetHints":{"allow":["GET"]}}],"collection":[{"href":"http:\/\/www.makarska-online.net\/novosti\/wp-json\/wp\/v2\/posts"}],"about":[{"href":"http:\/\/www.makarska-online.net\/novosti\/wp-json\/wp\/v2\/types\/post"}],"author":[{"embeddable":true,"href":"http:\/\/www.makarska-online.net\/novosti\/wp-json\/wp\/v2\/users\/1"}],"replies":[{"embeddable":true,"href":"http:\/\/www.makarska-online.net\/novosti\/wp-json\/wp\/v2\/comments?post=625"}],"version-history":[{"count":0,"href":"http:\/\/www.makarska-online.net\/novosti\/wp-json\/wp\/v2\/posts\/625\/revisions"}],"wp:attachment":[{"href":"http:\/\/www.makarska-online.net\/novosti\/wp-json\/wp\/v2\/media?parent=625"}],"wp:term":[{"taxonomy":"category","embeddable":true,"href":"http:\/\/www.makarska-online.net\/novosti\/wp-json\/wp\/v2\/categories?post=625"},{"taxonomy":"post_tag","embeddable":true,"href":"http:\/\/www.makarska-online.net\/novosti\/wp-json\/wp\/v2\/tags?post=625"}],"curies":[{"name":"wp","href":"https:\/\/api.w.org\/{rel}","templated":true}]}}