{"id":80,"date":"2009-07-02T12:30:06","date_gmt":"2009-07-02T11:30:06","guid":{"rendered":"http:\/\/www.makarska-online.net\/novosti\/?p=80"},"modified":"2009-07-02T13:00:18","modified_gmt":"2009-07-02T12:00:18","slug":"makarsko-ljeto-2009-kolovoz-i-rujan","status":"publish","type":"post","link":"http:\/\/www.makarska-online.net\/novosti\/makarsko-ljeto-2009-kolovoz-i-rujan\/","title":{"rendered":"Makarsko Ljeto 2009 Kolovoz i Rujan"},"content":{"rendered":"<ul>\n<li><strong>1.8. (subota) \u2013 21,00 sat<\/strong><\/li>\n<\/ul>\n<p><strong> <\/strong><\/p>\n<p><strong> <\/strong>Stara franjeva\u010dka crkva<\/p>\n<p><strong>Ana Doman\u010di\u0107 Krstulovi\u0107 (flauta) i Vesna Podrug (klavir)<\/strong><\/p>\n<p>Koncert klasi\u010dne glazbe<\/p>\n<ul>\n<li><strong>2.8. (nedjelja) \u2013 20,30 sati<\/strong><\/li>\n<\/ul>\n<p><strong> <\/strong><\/p>\n<p>Veliko Brdo<\/p>\n<p><strong>Ribarska ve\u010der Velikog Brda<\/strong><\/p>\n<p>Pu\u010dka fe\u0161ta<\/p>\n<ul>\n<li><strong>3.8. (ponedjeljak) \u2013 21,00 sat<\/strong><\/li>\n<\/ul>\n<p>Galerija Antuna Gojaka<\/p>\n<p><strong>Izlo\u017eba slika<\/strong> &#8211; <strong>Stjepan Jozi\u0107<\/strong><\/p>\n<p><strong> <\/strong><\/p>\n<ul>\n<li><strong>5.8. (srijeda) \u2013 21,30 sati<\/strong><\/li>\n<\/ul>\n<p><strong> <\/strong><\/p>\n<p><strong> <\/strong>Ka\u010di\u0107ev trg<\/p>\n<p><strong>Prljavo kazali\u0161te<\/strong><\/p>\n<p><strong> <\/strong>Koncert<\/p>\n<ul>\n<li><strong>6.8. (\u010detvrtak) \u2013 21,30 sati<\/strong><\/li>\n<\/ul>\n<p><strong> <\/strong><\/p>\n<p>Ljetno kino<\/p>\n<p><strong>Gola u kavezu \u2013 Kazali\u0161te Moruzgva<\/strong><\/p>\n<p>Predstava<\/p>\n<ul>\n<li><strong>7.8. (petak) \u2013 20,30 sati<\/strong><\/li>\n<\/ul>\n<p><strong> <\/strong><\/p>\n<p><strong> <\/strong>Pli\u0161\u0107evac<\/p>\n<p><strong>Ribarska no\u0107<\/strong><\/p>\n<p>Pu\u010dka fe\u0161ta<\/p>\n<ul>\n<li><strong>8.8. (subota) \u2013 21,30 sati<\/strong><\/li>\n<\/ul>\n<p><strong> <\/strong><\/p>\n<p><strong> <\/strong>Trg Tina Ujevi\u0107a<\/p>\n<p><strong> Jazz summer night <\/strong><\/p>\n<p><strong> Dra\u017een Bogdanovi\u0107, Matija Dedi\u0107 i bend<\/strong><\/p>\n<p><strong> <\/strong>Jazz koncert<\/p>\n<ul>\n<li><strong>9.8. (nedjelja) \u2013 18,00 sati<\/strong><\/li>\n<\/ul>\n<p><strong> <\/strong><\/p>\n<p><strong> <\/strong>Gradski sportski centar<\/p>\n<p><strong> Nogometna utakmica Debeli vs. Mr\u0161avi<\/strong><\/p>\n<p><strong> <\/strong>Zabava<\/p>\n<ul>\n<li><strong>10.8. (ponedjeljak) \u2013 21,00 sat<\/strong><\/li>\n<\/ul>\n<p>Stara franjeva\u010dka crkva<\/p>\n<p><strong>Marin Limi\u0107 (klavir)<\/strong><\/p>\n<p>Koncert klasi\u010dne glazbe<\/p>\n<ul>\n<li><strong>11.8. (utorak) \u2013 21,30 sati<\/strong><\/li>\n<\/ul>\n<p><strong> <\/strong><\/p>\n<p>Trg Tina Ujevi\u0107a<\/p>\n<p><strong>Ve\u010der makarskih klapa \u2013 Klapa Stara srdela<\/strong><\/p>\n<p>Koncert<\/p>\n<ul>\n<li><strong>12.8. (srijeda) \u2013 21,00 sat<\/strong><\/li>\n<\/ul>\n<p><strong> <\/strong><\/p>\n<p><strong> <\/strong>Gradski muzej Makarska<\/p>\n<p><strong>Izlo\u017eba slikoreljefa<\/strong>&#8211; <strong>Neli Mili\u010di\u0107 Brajkovi\u0107 <\/strong><\/p>\n<ul>\n<li><strong>13.8. (\u010detvrtak) \u2013 21,00 sat<\/strong><\/li>\n<\/ul>\n<p><strong> <\/strong><\/p>\n<p>Veliko Brdo &#8211; Gojaci<\/p>\n<p><strong>Klape u Gojacima<\/strong><\/p>\n<p>Zabava<\/p>\n<ul>\n<li><strong>15.8. (subota) \u2013 21,30 sati<\/strong><\/li>\n<\/ul>\n<p><strong> <\/strong><\/p>\n<p><strong> <\/strong>Ka\u010di\u0107ev trg<\/p>\n<p><strong> Gradska glazba Makarska<\/strong><\/p>\n<p><strong> <\/strong>Koncert puha\u010dkog orkestra<\/p>\n<ul>\n<li><strong>16.8. (nedjelja) \u2013 21,30 sati<\/strong><\/li>\n<\/ul>\n<p><strong> <\/strong><\/p>\n<p>Ka\u010di\u0107ev trg<\/p>\n<p><strong>KUD Brodosplit Split<\/strong><\/p>\n<p>Folklor<\/p>\n<ul>\n<li><strong>17.8. (ponedjeljak) \u2013 21,00 sat<\/strong><\/li>\n<\/ul>\n<p>Katedrala sv. Marka<\/p>\n<p><strong>Frano Martin\u010devi\u0107 (orgulje)<\/strong><\/p>\n<p>Koncert klasi\u010dne glazbe<\/p>\n<ul>\n<li><strong>18.8. (utorak) \u2013 21,30 sati<\/strong><\/li>\n<\/ul>\n<p><strong> <\/strong><\/p>\n<p>Trg Tina Ujevi\u0107a<\/p>\n<p><strong>Ve\u010der makarskih klapa \u2013 Klapa Adrion<\/strong><\/p>\n<p>Koncert<\/p>\n<ul>\n<li><strong>19.8. (srijeda) \u2013 21,00 sat<\/strong><\/li>\n<\/ul>\n<p><strong> <\/strong><\/p>\n<p><strong> <\/strong>Galerija Antuna Gojaka<\/p>\n<p><strong>Izlo\u017eba slika &#8211; Vinko Uhlik<\/strong><\/p>\n<ul>\n<li><strong>20.8. (\u010detvrtak) \u2013 21,30 sati<\/strong><\/li>\n<\/ul>\n<p><strong> <\/strong><\/p>\n<p>Ljetno kino<\/p>\n<p><strong>Za Europu spremni &#8211; Arijana \u010culina<\/strong><\/p>\n<p>Predstava<\/p>\n<ul>\n<li><strong>21.8. (petak) \u2013 21,00 sat<\/strong><\/li>\n<\/ul>\n<p><strong> <\/strong><\/p>\n<p><strong> <\/strong>Kalalarga<\/p>\n<p><strong>No\u0107 Kalalarge<\/strong><\/p>\n<p>Pu\u010dka fe\u0161ta<\/p>\n<ul>\n<li><strong>22.8. (subota) \u2013 21,30 sati<\/strong><\/li>\n<\/ul>\n<p><strong> <\/strong><\/p>\n<p><strong> <\/strong>Ka\u010di\u0107ev trg<\/p>\n<p><strong> KUD \u0160umari Vinkovci<\/strong><\/p>\n<p><strong> <\/strong>Folklor<\/p>\n<ul>\n<li><strong>23.8. (nedjelja) \u2013 21,30 sati<\/strong><\/li>\n<\/ul>\n<p><strong> <\/strong><\/p>\n<p>Trg Tina Ujevi\u0107a<\/p>\n<p><strong>Partet<\/strong><\/p>\n<p>Jazz koncert<\/p>\n<ul>\n<li><strong>25.8. (utorak) \u2013 21,30 sati<\/strong><\/li>\n<\/ul>\n<p><strong> <\/strong><\/p>\n<p>Trg Tina Ujevi\u0107a<\/p>\n<p><strong>Ve\u010der makarskih klapa \u2013 Klapa Makarska<\/strong><\/p>\n<p>Koncert<\/p>\n<p><strong> <\/strong><\/p>\n<ul>\n<li><strong>26.8. (srijeda) \u2013 21,00 sat<\/strong><\/li>\n<\/ul>\n<p><strong> <\/strong><\/p>\n<p><strong> <\/strong>Katedrala sv. Marka<\/p>\n<p><strong>Ivana Kenk Kalebi\u0107 (mandolina) <\/strong>i<strong> Stipan Popovi\u0107 (gitara)<\/strong><\/p>\n<p><strong> <\/strong>Koncert klasi\u010dne glazbe<\/p>\n<ul>\n<li><strong>28.8. (petak) \u2013 21,30 sati<\/strong><\/li>\n<\/ul>\n<p><strong> <\/strong><\/p>\n<p><strong> <\/strong>Trg Tina Ujevi\u0107a<\/p>\n<p><strong>Pobjednik festivala klapa 2008<\/strong> &#8211; <strong>Klapa Volosko<\/strong><\/p>\n<p>Koncert<\/p>\n<ul>\n<li><strong>30.8. (nedjelja) \u2013 21,30 sati<\/strong><\/li>\n<\/ul>\n<p><strong> <\/strong><\/p>\n<p>Trg Tina Ujevi\u0107a<\/p>\n<p><strong>Op\u0107inska glazba Ba\u0161ka Voda<\/strong><\/p>\n<p>Jazz koncert puha\u010dkog orkestra<\/p>\n<ul>\n<li><strong>31.8. (ponedjeljak) \u2013 21,00 sat<\/strong><\/li>\n<\/ul>\n<p><strong> <\/strong><\/p>\n<p><strong> <\/strong>Katedrala sv. Marka<\/p>\n<p><strong>Ivana Bili\u0107 (udaraljke) <\/strong>i<strong> Ana Doman\u010di\u0107 Krstulovi\u0107 (flauta)<\/strong><\/p>\n<p>Koncert klasi\u010dne glazbe<\/p>\n<ul>\n<li><strong>3.9. (\u010detvrtak) \u2013 21,00 sat<\/strong><\/li>\n<\/ul>\n<p><strong> <\/strong><\/p>\n<p>Stara franjeva\u010dka crkva<\/p>\n<p><strong> Marija Grazzia Tolj (klavir)<\/strong><\/p>\n<p>Koncert klasi\u010dne glazbe<\/p>\n<ul>\n<li><strong>4.9. (petak) \u2013 21,00 sat<\/strong><\/li>\n<\/ul>\n<p><strong> <\/strong><\/p>\n<p><strong> <\/strong>Galerija Antuna Gojaka<\/p>\n<p><strong>Izlo\u017eba grafika i crte\u017ea &#8211; Duje Medi\u0107<\/strong><\/p>\n<ul>\n<li><strong>5.9. (subota) \u2013 21,00 sat<\/strong><\/li>\n<\/ul>\n<p><strong> <\/strong><\/p>\n<p><strong> <\/strong>Ka\u010di\u0107ev trg<\/p>\n<p><strong> Sve\u010dano zatvaranje Makarskog ljeta 2009.<\/strong><br \/>\n<strong><a href=\"http:\/\/www.makarska-online.net\/novosti\/2009\/07\/makarsko-ljeto-2009-srpanj\">Makarsko Ljeto 2009 Srpanj<\/a><br \/>\n<\/strong><\/p>\n","protected":false},"excerpt":{"rendered":"<a href=\"http:\/\/www.makarska-online.net\/novosti\/makarsko-ljeto-2009-kolovoz-i-rujan\/\"><img loading=\"lazy\" decoding=\"async\" width=\"150\" height=\"150\" src=\"http:\/\/www.makarska-online.net\/novosti\/wp-content\/plugins\/thumbnail-for-excerpts\/tfe_no_thumb.png\" class=\"alignleft wp-post-image tfe\" alt=\"\" title=\"\" \/><\/a><p>Program Makarskog Ljeta 2009 za mjesece Kolovoz i Rujan<\/p>\n","protected":false},"author":1,"featured_media":0,"comment_status":"open","ping_status":"open","sticky":false,"template":"","format":"standard","meta":{"footnotes":""},"categories":[34],"tags":[35,430,427,24,431,36,37,16],"class_list":["post-80","post","type-post","status-publish","format-standard","hentry","category-makarsko-ljeto","tag-izlozbe","tag-koncerti","tag-makarska","tag-makarska-2009","tag-makarsko-ljeto","tag-priredbe","tag-ribarska-vecer","tag-riva"],"_links":{"self":[{"href":"http:\/\/www.makarska-online.net\/novosti\/wp-json\/wp\/v2\/posts\/80","targetHints":{"allow":["GET"]}}],"collection":[{"href":"http:\/\/www.makarska-online.net\/novosti\/wp-json\/wp\/v2\/posts"}],"about":[{"href":"http:\/\/www.makarska-online.net\/novosti\/wp-json\/wp\/v2\/types\/post"}],"author":[{"embeddable":true,"href":"http:\/\/www.makarska-online.net\/novosti\/wp-json\/wp\/v2\/users\/1"}],"replies":[{"embeddable":true,"href":"http:\/\/www.makarska-online.net\/novosti\/wp-json\/wp\/v2\/comments?post=80"}],"version-history":[{"count":0,"href":"http:\/\/www.makarska-online.net\/novosti\/wp-json\/wp\/v2\/posts\/80\/revisions"}],"wp:attachment":[{"href":"http:\/\/www.makarska-online.net\/novosti\/wp-json\/wp\/v2\/media?parent=80"}],"wp:term":[{"taxonomy":"category","embeddable":true,"href":"http:\/\/www.makarska-online.net\/novosti\/wp-json\/wp\/v2\/categories?post=80"},{"taxonomy":"post_tag","embeddable":true,"href":"http:\/\/www.makarska-online.net\/novosti\/wp-json\/wp\/v2\/tags?post=80"}],"curies":[{"name":"wp","href":"https:\/\/api.w.org\/{rel}","templated":true}]}}