{"id":912,"date":"2010-07-25T23:38:09","date_gmt":"2010-07-25T21:38:09","guid":{"rendered":"http:\/\/www.makarska-online.net\/novosti\/?p=912"},"modified":"2010-07-26T17:53:58","modified_gmt":"2010-07-26T15:53:58","slug":"koncert-kemal-monteno","status":"publish","type":"post","link":"http:\/\/www.makarska-online.net\/novosti\/koncert-kemal-monteno\/","title":{"rendered":"Koncert: Kemal Monteno"},"content":{"rendered":"<p><a rel=\"attachment wp-att-930\" href=\"http:\/\/www.makarska-online.net\/novosti\/2010\/07\/koncert-kemal-monteno\/kemal\/\"><img loading=\"lazy\" decoding=\"async\" class=\"alignleft size-medium wp-image-930\" title=\"kemal\" src=\"http:\/\/www.makarska-online.net\/novosti\/wp-content\/uploads\/2010\/07\/kemal-208x300.jpg\" alt=\"\" width=\"208\" height=\"300\" srcset=\"http:\/\/www.makarska-online.net\/novosti\/wp-content\/uploads\/2010\/07\/kemal-208x300.jpg 208w, http:\/\/www.makarska-online.net\/novosti\/wp-content\/uploads\/2010\/07\/kemal.jpg 250w\" sizes=\"auto, (max-width: 208px) 100vw, 208px\" \/><\/a>Nedjelja, 25.07.2010<\/p>\n<p>21:30 h \u2013 23:00 h<\/p>\n<p>Gradsko kino Makarska \u2013 ljetna pozornica<\/p>\n<p>Na ljetnoj pozornici gradskog kina Makarska 25. svibnja nastupit \u0107e najpoznatiji bosanskohercegova\u010dki kantautor i na\u0161 najve\u0107i \u0161ansonjer, te jedan od najboljih kantautora na podru\u010dju biv\u0161e Jugoslavije, <strong>Kemal Monteno<\/strong>.<\/p>\n<p>Do\u0111ite i zapjevajte s ovim\u00a0 neponovljivim \u0161ansonjerom, pjesme kao \u0161to su: \u201eNije htjela\u201c, \u201eNekako s prolje\u0107a\u201c, \u201eVratio sam se \u017eivote\u201c, \u201ePoljubi me\u201c i druge.<\/p>\n","protected":false},"excerpt":{"rendered":"<a href=\"http:\/\/www.makarska-online.net\/novosti\/koncert-kemal-monteno\/\"><img loading=\"lazy\" decoding=\"async\" width=\"150\" height=\"150\" src=\"http:\/\/www.makarska-online.net\/novosti\/wp-content\/plugins\/thumbnail-for-excerpts\/tfe_no_thumb.png\" class=\"alignleft wp-post-image tfe\" alt=\"\" title=\"\" \/><\/a><p>Nedjelja, 25.07.2010<\/p>\n<p>21:30 h \u2013 23:00 h<\/p>\n<p>Gradsko kino Makarska \u2013 ljetna pozornica <\/p>\n","protected":false},"author":2,"featured_media":0,"comment_status":"open","ping_status":"open","sticky":false,"template":"","format":"standard","meta":{"footnotes":""},"categories":[30,34,209,26,57,153],"tags":[247],"class_list":["post-912","post","type-post","status-publish","format-standard","hentry","category-koncerti","category-makarsko-ljeto","category-najave-dogadanja","category-nightlife","category-predstave","category-umjetnost","tag-kemal-monteno"],"_links":{"self":[{"href":"http:\/\/www.makarska-online.net\/novosti\/wp-json\/wp\/v2\/posts\/912","targetHints":{"allow":["GET"]}}],"collection":[{"href":"http:\/\/www.makarska-online.net\/novosti\/wp-json\/wp\/v2\/posts"}],"about":[{"href":"http:\/\/www.makarska-online.net\/novosti\/wp-json\/wp\/v2\/types\/post"}],"author":[{"embeddable":true,"href":"http:\/\/www.makarska-online.net\/novosti\/wp-json\/wp\/v2\/users\/2"}],"replies":[{"embeddable":true,"href":"http:\/\/www.makarska-online.net\/novosti\/wp-json\/wp\/v2\/comments?post=912"}],"version-history":[{"count":0,"href":"http:\/\/www.makarska-online.net\/novosti\/wp-json\/wp\/v2\/posts\/912\/revisions"}],"wp:attachment":[{"href":"http:\/\/www.makarska-online.net\/novosti\/wp-json\/wp\/v2\/media?parent=912"}],"wp:term":[{"taxonomy":"category","embeddable":true,"href":"http:\/\/www.makarska-online.net\/novosti\/wp-json\/wp\/v2\/categories?post=912"},{"taxonomy":"post_tag","embeddable":true,"href":"http:\/\/www.makarska-online.net\/novosti\/wp-json\/wp\/v2\/tags?post=912"}],"curies":[{"name":"wp","href":"https:\/\/api.w.org\/{rel}","templated":true}]}}